{"id":1,"name":"Thomas Michalak","url":"https:\/\/thomasmichalak.de","description":"Thomas Michalak, Studium der Germanistik, Philosophie, Politologie und Kunstgeschichte in G\u00f6ttingen und Berlin. Fotografische Ausbildung an der Werkstatt f\u00fcr Photographie bei Ulrich G\u00f6rlich und Wilmar K\u00f6nig, sp\u00e4ter Ulla Haug und Ulla Kelm. In den 1980er und 1990er Jahren kuratorisches Arbeiten in der \u201eFotogalerie im Wedding\u201c, dem \u201eForum f\u00fcr aktuelle Fotografie Berlin e.V.\u201c und der \u201eNeue Gesellschaft f\u00fcr bildende Kunst\u201c. Seit 1998 Dozent f\u00fcr k\u00fcnstlerische Fotografie am Photocentrum der VHS Friedrichshain-Kreuzberg. Lebt und arbeitet in Berlin.","link":"https:\/\/thomasmichalak.de\/index.php\/author\/info_oa79la1r\/","slug":"info_oa79la1r","avatar_urls":{"24":"https:\/\/secure.gravatar.com\/avatar\/c1aa5ce3c075a9cb9dd492b21f51d7f49b4d4eeb8308dfd61a86f1ad1a1cb2e4?s=24&d=mm&r=g","48":"https:\/\/secure.gravatar.com\/avatar\/c1aa5ce3c075a9cb9dd492b21f51d7f49b4d4eeb8308dfd61a86f1ad1a1cb2e4?s=48&d=mm&r=g","96":"https:\/\/secure.gravatar.com\/avatar\/c1aa5ce3c075a9cb9dd492b21f51d7f49b4d4eeb8308dfd61a86f1ad1a1cb2e4?s=96&d=mm&r=g"},"meta":{"generateblocks_onboarding":[]},"_links":{"self":[{"href":"https:\/\/thomasmichalak.de\/index.php\/wp-json\/wp\/v2\/users\/1","targetHints":{"allow":["GET"]}}],"collection":[{"href":"https:\/\/thomasmichalak.de\/index.php\/wp-json\/wp\/v2\/users"}]}}